{"id":2723,"date":"2017-10-10T01:45:00","date_gmt":"2017-10-10T01:45:00","guid":{"rendered":"http:\/\/mpc.ba.gov.br\/m\/?p=2723"},"modified":"2023-10-09T19:06:30","modified_gmt":"2023-10-09T19:06:30","slug":"ministerio-publico-de-contas-apoia-o-outubro-rosa","status":"publish","type":"post","link":"http:\/\/mpc.ba.gov.br\/m\/ministerio-publico-de-contas-apoia-o-outubro-rosa\/","title":{"rendered":"Minist\u00e9rio P\u00fablico de Contas apoia o Outubro Rosa"},"content":{"rendered":"<p>Os Procuradores de Contas e Servidores apoiam a campanha de combate ao c\u00e2ncer de mama, intitulada outubro rosa. Hist\u00f3rico: Na d\u00e9cada de 1990, nasce o movimento conhecido como Outubro Rosa, para estimular a participa\u00e7\u00e3o da popula\u00e7\u00e3o no controle do c\u00e2ncer de mama. A data \u00e9 celebrada anualmente com o objetivo de compartilhar informa\u00e7\u00f5es sobre o c\u00e2ncer de mama, promover a conscientiza\u00e7\u00e3o sobre a doen\u00e7a, proporcionar maior acesso aos servi\u00e7os de diagn\u00f3stico e de tratamento, al\u00e9m de contribuir para a redu\u00e7\u00e3o da mortalidade. &nbsp;<a href=\"http:\/\/www.inca.gov.br\/wcm\/quiz\/quiz.asp?Q=6\">Saiba mais&#8230;<\/a>&nbsp;<a href=\"http:\/\/mpc.ba.gov.br\/m\/wp-content\/uploads\/2017\/10\/mpcrosa.jpg\"><img loading=\"lazy\" decoding=\"async\" class=\"alignleft wp-image-2727 size-large\" src=\"http:\/\/mpc.ba.gov.br\/m\/wp-content\/uploads\/2017\/10\/mpcrosa-1024x576.jpg\" alt=\"mpcrosa\" width=\"1024\" height=\"576\" srcset=\"http:\/\/mpc.ba.gov.br\/m\/wp-content\/uploads\/2017\/10\/mpcrosa-1024x576.jpg 1024w, http:\/\/mpc.ba.gov.br\/m\/wp-content\/uploads\/2017\/10\/mpcrosa-300x168.jpg 300w, http:\/\/mpc.ba.gov.br\/m\/wp-content\/uploads\/2017\/10\/mpcrosa.jpg 1280w\" sizes=\"auto, (max-width: 1024px) 100vw, 1024px\" \/><\/a><\/p>\n","protected":false},"excerpt":{"rendered":"<p>Os Procuradores de Contas e Servidores apoiam a campanha de combate ao c\u00e2ncer de mama, intitulada outubro rosa. Hist\u00f3rico: Na d\u00e9cada de 1990, nasce o movimento conhecido como Outubro Rosa, para estimular a participa\u00e7\u00e3o da popula\u00e7\u00e3o no controle do c\u00e2ncer de mama. A data \u00e9 celebrada anualmente com o objetivo de compartilhar informa\u00e7\u00f5es sobre o [&hellip;]<\/p>\n","protected":false},"author":3,"featured_media":2727,"comment_status":"open","ping_status":"open","sticky":false,"template":"","format":"standard","meta":{"footnotes":""},"categories":[1],"tags":[],"class_list":["post-2723","post","type-post","status-publish","format-standard","has-post-thumbnail","hentry","category-sem-categoria"],"_links":{"self":[{"href":"http:\/\/mpc.ba.gov.br\/m\/wp-json\/wp\/v2\/posts\/2723","targetHints":{"allow":["GET"]}}],"collection":[{"href":"http:\/\/mpc.ba.gov.br\/m\/wp-json\/wp\/v2\/posts"}],"about":[{"href":"http:\/\/mpc.ba.gov.br\/m\/wp-json\/wp\/v2\/types\/post"}],"author":[{"embeddable":true,"href":"http:\/\/mpc.ba.gov.br\/m\/wp-json\/wp\/v2\/users\/3"}],"replies":[{"embeddable":true,"href":"http:\/\/mpc.ba.gov.br\/m\/wp-json\/wp\/v2\/comments?post=2723"}],"version-history":[{"count":7,"href":"http:\/\/mpc.ba.gov.br\/m\/wp-json\/wp\/v2\/posts\/2723\/revisions"}],"predecessor-version":[{"id":5407,"href":"http:\/\/mpc.ba.gov.br\/m\/wp-json\/wp\/v2\/posts\/2723\/revisions\/5407"}],"wp:featuredmedia":[{"embeddable":true,"href":"http:\/\/mpc.ba.gov.br\/m\/wp-json\/wp\/v2\/media\/2727"}],"wp:attachment":[{"href":"http:\/\/mpc.ba.gov.br\/m\/wp-json\/wp\/v2\/media?parent=2723"}],"wp:term":[{"taxonomy":"category","embeddable":true,"href":"http:\/\/mpc.ba.gov.br\/m\/wp-json\/wp\/v2\/categories?post=2723"},{"taxonomy":"post_tag","embeddable":true,"href":"http:\/\/mpc.ba.gov.br\/m\/wp-json\/wp\/v2\/tags?post=2723"}],"curies":[{"name":"wp","href":"https:\/\/api.w.org\/{rel}","templated":true}]}}