{"id":5135,"date":"2023-05-09T11:29:29","date_gmt":"2023-05-09T11:29:29","guid":{"rendered":"http:\/\/mpc.ba.gov.br\/m\/?p=5135"},"modified":"2026-01-21T18:03:16","modified_gmt":"2026-01-21T18:03:16","slug":"gastos-publicos-com-sao-joao-preocupam-o-mpc-mpe-e-tribunais-de-contas","status":"publish","type":"post","link":"http:\/\/mpc.ba.gov.br\/m\/gastos-publicos-com-sao-joao-preocupam-o-mpc-mpe-e-tribunais-de-contas\/","title":{"rendered":"Gastos P\u00fablicos com S\u00e3o Jo\u00e3o  preocupam os MPC&#8217;s, MPE e Tribunais de Contas"},"content":{"rendered":"\n<p align=\"justify\">A Procuradora Geral, Dra. Aline Rego, juntamente com os Presidentes dos Tribunais de Contas do Estado da Bahia (TCE\/BA), dos Munic\u00edpios do Estado da Bahia (TCM\/BA), Marcus Pres\u00eddio e Francisco de Souza Andrade Netto, a Procuradora-Chefe do Minist\u00e9rio P\u00fablico da Bahia (MPE), Norma Cavalcanti, e tamb\u00e9m o Coordenador do Centro de Apoio Operacional \u00e0s Promotorias de Prote\u00e7\u00e3o \u00e0 Moralidade Administrativa, Frank Ferrari, se reuniram nesta segunda-feira (08\/05) para discutir a\u00e7\u00f5es conjuntas de orienta\u00e7\u00e3o dos gestores p\u00fablicos sobre gastos realizados com os festejos juninos.<\/p>\n<p align=\"justify\">O objetivo da reuni\u00e3o foi analisar a possibilidade de se elaborar um documento com recomenda\u00e7\u00f5es sobre os gastos, de modo a preservar o interesse p\u00fablico \u2013 evitando-se gastos abusivos ou irrazo\u00e1veis \u2013 sem perder de vista os interesses econ\u00f4micos e culturais leg\u00edtimos da popula\u00e7\u00e3o. O interesse \u00e9, sobretudo, orientar os gestores e prevenir eventuais irregularidades.<\/p>\n<p align=\"justify\">O Promotor Frank Ferrari observou que \u00e9 necess\u00e1rio orientar os gestores para que as decis\u00f5es de gastos com os festejos levem em conta a sa\u00fade econ\u00f4mico-financeira dos munic\u00edpios, e que os valores sejam detalhados e justificados \u2013 e que haja ampla transpar\u00eancia sobre os custos das contrata\u00e7\u00f5es p\u00fablicas em todas as suas fases. \u201cCom a colabora\u00e7\u00e3o de todos, \u00e9 poss\u00edvel conciliar a realiza\u00e7\u00e3o dos festejos com uma gest\u00e3o respons\u00e1vel dos recursos p\u00fablicos. \u00c9 essa a inten\u00e7\u00e3o das institui\u00e7\u00f5es aqui representadas e, hoje, sinto que avan\u00e7amos \u2013 e seguiremos avan\u00e7ando \u2013 rumo a esse ideal de gest\u00e3o p\u00fablica e de sua fiscaliza\u00e7\u00e3o\u201d, disse Frank Ferrari.<\/p>\n<p align=\"justify\">Da reuni\u00e3o, nesta segunda-feira, no gabinete da Presid\u00eancia do TCM, participaram, al\u00e9m da Dra. Aline Rego; a Procuradora-Geral do Minist\u00e9rio P\u00fablico de Contas junto ao TCE, Dra. Camila Luz; o Chefe de Gabinete da Procuradoria-Geral de Justi\u00e7a, Dr. Pedro Maia Souza Marques; a Promotora de Justi\u00e7a, Dra. Rita Tourinho; e o Chefe de Gabinete do TCM, Dr. Danilo Estrela.<\/p>\n\n\n\n<figure class=\"wp-block-image size-large is-style-default\"><a href=\"https:\/\/mpc.ba.gov.br\/m\/wp-content\/uploads\/2023\/05\/reuniaompefora.jpg\"><img loading=\"lazy\" decoding=\"async\" width=\"1024\" height=\"775\" src=\"https:\/\/mpc.ba.gov.br\/m\/wp-content\/uploads\/2023\/05\/reuniaompefora-1024x775.jpg\" alt=\"\" class=\"wp-image-5136\" srcset=\"http:\/\/mpc.ba.gov.br\/m\/wp-content\/uploads\/2023\/05\/reuniaompefora-1024x775.jpg 1024w, http:\/\/mpc.ba.gov.br\/m\/wp-content\/uploads\/2023\/05\/reuniaompefora-300x227.jpg 300w, http:\/\/mpc.ba.gov.br\/m\/wp-content\/uploads\/2023\/05\/reuniaompefora-768x581.jpg 768w, http:\/\/mpc.ba.gov.br\/m\/wp-content\/uploads\/2023\/05\/reuniaompefora.jpg 1192w\" sizes=\"auto, (max-width: 1024px) 100vw, 1024px\" \/><\/a><\/figure>\n","protected":false},"excerpt":{"rendered":"<p>A Procuradora Geral, Dra. Aline Rego, juntamente com os Presidentes dos Tribunais de Contas do Estado da Bahia (TCE\/BA), dos Munic\u00edpios do Estado da Bahia (TCM\/BA), Marcus Pres\u00eddio e Francisco de Souza Andrade Netto, a Procuradora-Chefe do Minist\u00e9rio P\u00fablico da Bahia (MPE), Norma Cavalcanti, e tamb\u00e9m o Coordenador do Centro de Apoio Operacional \u00e0s Promotorias [&hellip;]<\/p>\n","protected":false},"author":3,"featured_media":5137,"comment_status":"open","ping_status":"open","sticky":false,"template":"","format":"standard","meta":{"footnotes":""},"categories":[10],"tags":[],"class_list":["post-5135","post","type-post","status-publish","format-standard","has-post-thumbnail","hentry","category-noticias-gerais"],"_links":{"self":[{"href":"http:\/\/mpc.ba.gov.br\/m\/wp-json\/wp\/v2\/posts\/5135","targetHints":{"allow":["GET"]}}],"collection":[{"href":"http:\/\/mpc.ba.gov.br\/m\/wp-json\/wp\/v2\/posts"}],"about":[{"href":"http:\/\/mpc.ba.gov.br\/m\/wp-json\/wp\/v2\/types\/post"}],"author":[{"embeddable":true,"href":"http:\/\/mpc.ba.gov.br\/m\/wp-json\/wp\/v2\/users\/3"}],"replies":[{"embeddable":true,"href":"http:\/\/mpc.ba.gov.br\/m\/wp-json\/wp\/v2\/comments?post=5135"}],"version-history":[{"count":4,"href":"http:\/\/mpc.ba.gov.br\/m\/wp-json\/wp\/v2\/posts\/5135\/revisions"}],"predecessor-version":[{"id":5143,"href":"http:\/\/mpc.ba.gov.br\/m\/wp-json\/wp\/v2\/posts\/5135\/revisions\/5143"}],"wp:featuredmedia":[{"embeddable":true,"href":"http:\/\/mpc.ba.gov.br\/m\/wp-json\/wp\/v2\/media\/5137"}],"wp:attachment":[{"href":"http:\/\/mpc.ba.gov.br\/m\/wp-json\/wp\/v2\/media?parent=5135"}],"wp:term":[{"taxonomy":"category","embeddable":true,"href":"http:\/\/mpc.ba.gov.br\/m\/wp-json\/wp\/v2\/categories?post=5135"},{"taxonomy":"post_tag","embeddable":true,"href":"http:\/\/mpc.ba.gov.br\/m\/wp-json\/wp\/v2\/tags?post=5135"}],"curies":[{"name":"wp","href":"https:\/\/api.w.org\/{rel}","templated":true}]}}