{"id":887,"date":"2015-02-11T04:46:18","date_gmt":"2015-02-11T04:46:18","guid":{"rendered":"http:\/\/mpc.ba.gov.br\/m\/?p=887"},"modified":"2015-02-26T05:19:37","modified_gmt":"2015-02-26T05:19:37","slug":"mp-de-cruz-das-almas-orienta-retirada-nome-de-pessoas-vivas-em-bens-publicos","status":"publish","type":"post","link":"http:\/\/mpc.ba.gov.br\/m\/mp-de-cruz-das-almas-orienta-retirada-nome-de-pessoas-vivas-em-bens-publicos\/","title":{"rendered":"MP de Cruz das Almas orienta a retirada do nome de pessoas vivas de bens p\u00fablicos"},"content":{"rendered":"<p style=\"line-height: 14.25pt; text-align: justify;\"><span style=\"font-family: 'Arial',sans-serif; color: #333333;\">O Minist\u00e9rio P\u00fablico Estadual recomendou no \u00faltimo dia 21 de Janeiro a retirada do nome de pessoas vivas de bens p\u00fablicos como ruas, pra\u00e7as e escolas no prazo de 30 dias.<\/span><\/p>\n<p style=\"line-height: 14.25pt; orphans: auto; widows: auto; -webkit-text-stroke-width: 0px; word-spacing: 0px; text-align: justify;\"><span style=\"font-family: 'Arial',sans-serif; color: #333333;\">De acordo com o MP, caso as homenagens que foram feitas estejam baseadas em Lei, a Prefeitura deve enviar projetos \u00e0 C\u00e2mara para que as devidas altera\u00e7\u00f5es sejam realizadas, renomeando os bens p\u00fablicos e n\u00e3o permitindo que novas Leis sejam sancionadas com a mesma irregularidade.<\/span><\/p>\n<p style=\"line-height: 14.25pt; orphans: auto; widows: auto; -webkit-text-stroke-width: 0px; word-spacing: 0px; text-align: justify;\"><span style=\"font-family: 'Arial',sans-serif; color: #333333;\">O Promotor Adriano Marques informa se porventura a recomenda\u00e7\u00e3o n\u00e3o for cumprida os gestores municipais poder\u00e3o sofrer puni\u00e7\u00f5es judiciais.\u00a0<\/span><\/p>\n","protected":false},"excerpt":{"rendered":"<p>O Minist\u00e9rio P\u00fablico Estadual recomendou no \u00faltimo dia 21 de Janeiro a retirada do nome de pessoas vivas de bens p\u00fablicos como ruas, pra\u00e7as e escolas no prazo de 30 dias. De acordo com o MP, caso as homenagens que foram feitas estejam baseadas em Lei, a Prefeitura deve enviar projetos \u00e0 C\u00e2mara para que [&hellip;]<\/p>\n","protected":false},"author":3,"featured_media":888,"comment_status":"open","ping_status":"open","sticky":false,"template":"","format":"standard","meta":{"footnotes":""},"categories":[10,14],"tags":[],"class_list":["post-887","post","type-post","status-publish","format-standard","has-post-thumbnail","hentry","category-noticias-gerais","category-principais-noticias"],"_links":{"self":[{"href":"http:\/\/mpc.ba.gov.br\/m\/wp-json\/wp\/v2\/posts\/887","targetHints":{"allow":["GET"]}}],"collection":[{"href":"http:\/\/mpc.ba.gov.br\/m\/wp-json\/wp\/v2\/posts"}],"about":[{"href":"http:\/\/mpc.ba.gov.br\/m\/wp-json\/wp\/v2\/types\/post"}],"author":[{"embeddable":true,"href":"http:\/\/mpc.ba.gov.br\/m\/wp-json\/wp\/v2\/users\/3"}],"replies":[{"embeddable":true,"href":"http:\/\/mpc.ba.gov.br\/m\/wp-json\/wp\/v2\/comments?post=887"}],"version-history":[{"count":6,"href":"http:\/\/mpc.ba.gov.br\/m\/wp-json\/wp\/v2\/posts\/887\/revisions"}],"predecessor-version":[{"id":1313,"href":"http:\/\/mpc.ba.gov.br\/m\/wp-json\/wp\/v2\/posts\/887\/revisions\/1313"}],"wp:featuredmedia":[{"embeddable":true,"href":"http:\/\/mpc.ba.gov.br\/m\/wp-json\/wp\/v2\/media\/888"}],"wp:attachment":[{"href":"http:\/\/mpc.ba.gov.br\/m\/wp-json\/wp\/v2\/media?parent=887"}],"wp:term":[{"taxonomy":"category","embeddable":true,"href":"http:\/\/mpc.ba.gov.br\/m\/wp-json\/wp\/v2\/categories?post=887"},{"taxonomy":"post_tag","embeddable":true,"href":"http:\/\/mpc.ba.gov.br\/m\/wp-json\/wp\/v2\/tags?post=887"}],"curies":[{"name":"wp","href":"https:\/\/api.w.org\/{rel}","templated":true}]}}